{"id":290,"date":"2020-06-25T19:55:27","date_gmt":"2020-06-25T16:55:27","guid":{"rendered":"https:\/\/vadelmalive.net\/?p=290"},"modified":"2020-06-25T19:55:27","modified_gmt":"2020-06-25T16:55:27","slug":"aallon-musiikkivideo-julkaistaan","status":"publish","type":"post","link":"https:\/\/www.vadelma.org\/vadelmalive\/2020\/06\/25\/aallon-musiikkivideo-julkaistaan\/","title":{"rendered":"Aallon musiikkivideo julkaistaan"},"content":{"rendered":"\n<p>Etnoyhtye <a rel=\"noreferrer noopener\" href=\"http:\/\/etnoaalto.blogspot.com\/\" target=\"_blank\">Aallon<\/a> musiikkivideo Mets\u00e4taloush\u00f6\u00f6mei on riemukkaalla tavalla kantaaottava pamfletti, jonka ensimm\u00e4inen versio julkaistiin vuonna 2014 Vadelma ry:n Mets\u00e4morfoosi-tapahtuman yhteydess\u00e4, mutta joka valitettavasti jouduttiin poistamaan levityksest\u00e4. <\/p>\n\n\n\n<figure class=\"wp-block-image size-large is-style-rounded\"><img loading=\"lazy\" decoding=\"async\" width=\"1024\" height=\"768\" src=\"https:\/\/www.vadelma.org\/vadelmalive\/wp-content\/uploads\/2020\/06\/aalto_metsis.00_00_48_00.Still002-1024x768.jpg\" alt=\"\" class=\"wp-image-352\" srcset=\"https:\/\/www.vadelma.org\/vadelmalive\/wp-content\/uploads\/2020\/06\/aalto_metsis.00_00_48_00.Still002-1024x768.jpg 1024w, https:\/\/www.vadelma.org\/vadelmalive\/wp-content\/uploads\/2020\/06\/aalto_metsis.00_00_48_00.Still002-300x225.jpg 300w, https:\/\/www.vadelma.org\/vadelmalive\/wp-content\/uploads\/2020\/06\/aalto_metsis.00_00_48_00.Still002-768x576.jpg 768w, https:\/\/www.vadelma.org\/vadelmalive\/wp-content\/uploads\/2020\/06\/aalto_metsis.00_00_48_00.Still002.jpg 1440w\" sizes=\"auto, (max-width: 1024px) 100vw, 1024px\" \/><\/figure>\n\n\n\n<figure class=\"wp-block-image size-large is-style-rounded\"><img loading=\"lazy\" decoding=\"async\" width=\"1024\" height=\"768\" src=\"https:\/\/www.vadelma.org\/vadelmalive\/wp-content\/uploads\/2020\/06\/aalto_metsis.00_02_40_21.Still001-1024x768.jpg\" alt=\"\" class=\"wp-image-353\" srcset=\"https:\/\/www.vadelma.org\/vadelmalive\/wp-content\/uploads\/2020\/06\/aalto_metsis.00_02_40_21.Still001-1024x768.jpg 1024w, https:\/\/www.vadelma.org\/vadelmalive\/wp-content\/uploads\/2020\/06\/aalto_metsis.00_02_40_21.Still001-300x225.jpg 300w, https:\/\/www.vadelma.org\/vadelmalive\/wp-content\/uploads\/2020\/06\/aalto_metsis.00_02_40_21.Still001-768x576.jpg 768w, https:\/\/www.vadelma.org\/vadelmalive\/wp-content\/uploads\/2020\/06\/aalto_metsis.00_02_40_21.Still001.jpg 1440w\" sizes=\"auto, (max-width: 1024px) 100vw, 1024px\" \/><\/figure>\n\n\n\n<figure class=\"wp-block-image size-large is-style-rounded\"><img loading=\"lazy\" decoding=\"async\" width=\"1024\" height=\"768\" src=\"https:\/\/www.vadelma.org\/vadelmalive\/wp-content\/uploads\/2020\/06\/aalto_metsis.00_02_21_18.Still003-1024x768.jpg\" alt=\"\" class=\"wp-image-355\" srcset=\"https:\/\/www.vadelma.org\/vadelmalive\/wp-content\/uploads\/2020\/06\/aalto_metsis.00_02_21_18.Still003-1024x768.jpg 1024w, https:\/\/www.vadelma.org\/vadelmalive\/wp-content\/uploads\/2020\/06\/aalto_metsis.00_02_21_18.Still003-300x225.jpg 300w, https:\/\/www.vadelma.org\/vadelmalive\/wp-content\/uploads\/2020\/06\/aalto_metsis.00_02_21_18.Still003-768x576.jpg 768w, https:\/\/www.vadelma.org\/vadelmalive\/wp-content\/uploads\/2020\/06\/aalto_metsis.00_02_21_18.Still003.jpg 1440w\" sizes=\"auto, (max-width: 1024px) 100vw, 1024px\" \/><\/figure>\n\n\n\n<p>Nyt video on viimeistelty ja julkaistaan uudelleen Vadelmaliven l\u00e4hetyksess\u00e4 <strong>perjantaina 3.7.2020<\/strong>. Aihe on edelleen polttavan ajankohtainen!<\/p>\n\n\n\n<p>Aallon kaksi upeaa albumia &#8221;Tuulilabyrintit&#8221; ja &#8221;Ikaro&#8221; l\u00f6ytyv\u00e4t <a href=\"https:\/\/vadelmalive.net\/etusivu\/\">myyntip\u00f6yd\u00e4lt\u00e4<\/a>. Osta levy ja tue el\u00e4v\u00e4\u00e4 taidetta!<\/p>\n","protected":false},"excerpt":{"rendered":"<p>Etnoyhtye Aallon musiikkivideo Mets\u00e4taloush\u00f6\u00f6mei on riemukkaalla tavalla kantaaottava pamfletti, jonka ensimm\u00e4inen versio julkaistiin vuonna 2014 Vadelma ry:n Mets\u00e4morfoosi-tapahtuman yhteydess\u00e4, mutta joka valitettavasti jouduttiin poistamaan levityksest\u00e4. Nyt video on viimeistelty ja julkaistaan uudelleen Vadelmaliven l\u00e4hetyksess\u00e4 perjantaina 3.7.2020. Aihe on edelleen polttavan ajankohtainen! Aallon kaksi upeaa albumia &#8221;Tuulilabyrintit&#8221; ja &#8221;Ikaro&#8221; l\u00f6ytyv\u00e4t myyntip\u00f6yd\u00e4lt\u00e4. Osta levy ja tue el\u00e4v\u00e4\u00e4&hellip; <a class=\"more-link\" href=\"https:\/\/www.vadelma.org\/vadelmalive\/2020\/06\/25\/aallon-musiikkivideo-julkaistaan\/\">Jatka lukemista <span class=\"screen-reader-text\">Aallon musiikkivideo julkaistaan<\/span><\/a><\/p>\n","protected":false},"author":1,"featured_media":69,"comment_status":"open","ping_status":"open","sticky":false,"template":"","format":"standard","meta":{"footnotes":""},"categories":[5,9],"tags":[4,6,7,8],"class_list":["post-290","post","type-post","status-publish","format-standard","has-post-thumbnail","hentry","category-ensiesitys","category-musiikkivideot","tag-aalto","tag-etno","tag-metsaparkour","tag-metsatalous","entry"],"_links":{"self":[{"href":"https:\/\/www.vadelma.org\/vadelmalive\/wp-json\/wp\/v2\/posts\/290","targetHints":{"allow":["GET"]}}],"collection":[{"href":"https:\/\/www.vadelma.org\/vadelmalive\/wp-json\/wp\/v2\/posts"}],"about":[{"href":"https:\/\/www.vadelma.org\/vadelmalive\/wp-json\/wp\/v2\/types\/post"}],"author":[{"embeddable":true,"href":"https:\/\/www.vadelma.org\/vadelmalive\/wp-json\/wp\/v2\/users\/1"}],"replies":[{"embeddable":true,"href":"https:\/\/www.vadelma.org\/vadelmalive\/wp-json\/wp\/v2\/comments?post=290"}],"version-history":[{"count":0,"href":"https:\/\/www.vadelma.org\/vadelmalive\/wp-json\/wp\/v2\/posts\/290\/revisions"}],"wp:featuredmedia":[{"embeddable":true,"href":"https:\/\/www.vadelma.org\/vadelmalive\/wp-json\/wp\/v2\/media\/69"}],"wp:attachment":[{"href":"https:\/\/www.vadelma.org\/vadelmalive\/wp-json\/wp\/v2\/media?parent=290"}],"wp:term":[{"taxonomy":"category","embeddable":true,"href":"https:\/\/www.vadelma.org\/vadelmalive\/wp-json\/wp\/v2\/categories?post=290"},{"taxonomy":"post_tag","embeddable":true,"href":"https:\/\/www.vadelma.org\/vadelmalive\/wp-json\/wp\/v2\/tags?post=290"}],"curies":[{"name":"wp","href":"https:\/\/api.w.org\/{rel}","templated":true}]}}