{"id":303,"date":"2020-06-25T21:28:07","date_gmt":"2020-06-25T18:28:07","guid":{"rendered":"https:\/\/vadelmalive.net\/?p=303"},"modified":"2020-06-25T21:28:07","modified_gmt":"2020-06-25T18:28:07","slug":"hiskin-pimpulat-alpparissa","status":"publish","type":"post","link":"https:\/\/www.vadelma.org\/vadelmalive\/2020\/06\/25\/hiskin-pimpulat-alpparissa\/","title":{"rendered":"Hiskin pimpulat Alpparissa"},"content":{"rendered":"\n<p>Hiski Salomaan lauluja r\u00e4v\u00e4k\u00e4ll\u00e4 otteella esitt\u00e4v\u00e4 trio Hiskin pimpulat esiintyi Vadelma Festeill\u00e4 Alppipuistossa kuumana kes\u00e4p\u00e4iv\u00e4n\u00e4 hein\u00e4kuussa 2014. S\u00e4hk\u00f6jen kanssa oli hieman haasteita, mutta se ei menoa haitannut kun yhtye soitteli akustisesti menem\u00e4\u00e4n. Korppiradio oli paikalla tallentamassa \u00e4\u00e4nt\u00e4 ja Vadelman Hannu Aaltonen kuvasi.<\/p>\n\n\n\n<p>Keikkataltiointi n\u00e4hd\u00e4\u00e4n Vadelmaliven l\u00e4hetyksess\u00e4 <strong>perjantaina 3.7.2020<\/strong> ja samalla kuullaan tuoreet kuulumiset Sini Palokankaalta.<\/p>\n\n\n\n<figure class=\"wp-block-image size-large is-style-rounded\"><img loading=\"lazy\" decoding=\"async\" width=\"1024\" height=\"576\" src=\"https:\/\/www.vadelma.org\/vadelmalive\/wp-content\/uploads\/2020\/06\/hiskinpimpulat.Still003-1024x576.jpg\" alt=\"\" class=\"wp-image-305\" srcset=\"https:\/\/www.vadelma.org\/vadelmalive\/wp-content\/uploads\/2020\/06\/hiskinpimpulat.Still003-1024x576.jpg 1024w, https:\/\/www.vadelma.org\/vadelmalive\/wp-content\/uploads\/2020\/06\/hiskinpimpulat.Still003-300x169.jpg 300w, https:\/\/www.vadelma.org\/vadelmalive\/wp-content\/uploads\/2020\/06\/hiskinpimpulat.Still003-768x432.jpg 768w, https:\/\/www.vadelma.org\/vadelmalive\/wp-content\/uploads\/2020\/06\/hiskinpimpulat.Still003-1536x864.jpg 1536w, https:\/\/www.vadelma.org\/vadelmalive\/wp-content\/uploads\/2020\/06\/hiskinpimpulat.Still003.jpg 1920w\" sizes=\"auto, (max-width: 1024px) 100vw, 1024px\" \/><\/figure>\n\n\n\n<h4 class=\"wp-block-heading\">Hiskin pimpulat<\/h4>\n\n\n\n<p>Sini Palokangas &#8211; viulu ja laulu<br>Akusti Turtonen &#8211; banjo ja laulu<br>Mikko Hellstr\u00f6m &#8211; basso ja laulu<\/p>\n","protected":false},"excerpt":{"rendered":"<p>Hiski Salomaan lauluja r\u00e4v\u00e4k\u00e4ll\u00e4 otteella esitt\u00e4v\u00e4 trio Hiskin pimpulat esiintyi Vadelma Festeill\u00e4 Alppipuistossa kuumana kes\u00e4p\u00e4iv\u00e4n\u00e4 hein\u00e4kuussa 2014. S\u00e4hk\u00f6jen kanssa oli hieman haasteita, mutta se ei menoa haitannut kun yhtye soitteli akustisesti menem\u00e4\u00e4n. Korppiradio oli paikalla tallentamassa \u00e4\u00e4nt\u00e4 ja Vadelman Hannu Aaltonen kuvasi. Keikkataltiointi n\u00e4hd\u00e4\u00e4n Vadelmaliven l\u00e4hetyksess\u00e4 perjantaina 3.7.2020 ja samalla kuullaan tuoreet kuulumiset Sini Palokankaalta.&hellip; <a class=\"more-link\" href=\"https:\/\/www.vadelma.org\/vadelmalive\/2020\/06\/25\/hiskin-pimpulat-alpparissa\/\">Jatka lukemista <span class=\"screen-reader-text\">Hiskin pimpulat Alpparissa<\/span><\/a><\/p>\n","protected":false},"author":1,"featured_media":69,"comment_status":"open","ping_status":"open","sticky":false,"template":"","format":"standard","meta":{"footnotes":""},"categories":[5,12,3],"tags":[10,11,13],"class_list":["post-303","post","type-post","status-publish","format-standard","has-post-thumbnail","hentry","category-ensiesitys","category-keikat","category-paikat","tag-alppipuisto","tag-hiskin-pimpulat","tag-vadelma-fest","entry"],"_links":{"self":[{"href":"https:\/\/www.vadelma.org\/vadelmalive\/wp-json\/wp\/v2\/posts\/303","targetHints":{"allow":["GET"]}}],"collection":[{"href":"https:\/\/www.vadelma.org\/vadelmalive\/wp-json\/wp\/v2\/posts"}],"about":[{"href":"https:\/\/www.vadelma.org\/vadelmalive\/wp-json\/wp\/v2\/types\/post"}],"author":[{"embeddable":true,"href":"https:\/\/www.vadelma.org\/vadelmalive\/wp-json\/wp\/v2\/users\/1"}],"replies":[{"embeddable":true,"href":"https:\/\/www.vadelma.org\/vadelmalive\/wp-json\/wp\/v2\/comments?post=303"}],"version-history":[{"count":0,"href":"https:\/\/www.vadelma.org\/vadelmalive\/wp-json\/wp\/v2\/posts\/303\/revisions"}],"wp:featuredmedia":[{"embeddable":true,"href":"https:\/\/www.vadelma.org\/vadelmalive\/wp-json\/wp\/v2\/media\/69"}],"wp:attachment":[{"href":"https:\/\/www.vadelma.org\/vadelmalive\/wp-json\/wp\/v2\/media?parent=303"}],"wp:term":[{"taxonomy":"category","embeddable":true,"href":"https:\/\/www.vadelma.org\/vadelmalive\/wp-json\/wp\/v2\/categories?post=303"},{"taxonomy":"post_tag","embeddable":true,"href":"https:\/\/www.vadelma.org\/vadelmalive\/wp-json\/wp\/v2\/tags?post=303"}],"curies":[{"name":"wp","href":"https:\/\/api.w.org\/{rel}","templated":true}]}}