{"id":47,"date":"2020-05-27T09:32:34","date_gmt":"2020-05-27T06:32:34","guid":{"rendered":"http:\/\/vadelmalive.net\/?p=47"},"modified":"2020-05-27T09:32:34","modified_gmt":"2020-05-27T06:32:34","slug":"bunkkeri-alive","status":"publish","type":"post","link":"https:\/\/www.vadelma.org\/vadelmalive\/2020\/05\/27\/bunkkeri-alive\/","title":{"rendered":"Bunkkeri Alive"},"content":{"rendered":"\n<p>Helsingin Vallilassa sijaitseva <a href=\"https:\/\/vadelma.org\">VadelmaBunkkeri <\/a>on VADELMAliven p\u00e4\u00e4maja ja kotistudio, josta tehd\u00e4\u00e4n suoria Bunkkeri Alive l\u00e4hetyksi\u00e4 noin kerran kuussa kes\u00e4st\u00e4 2020 alkaen. <\/p>\n\n\n\n<figure class=\"wp-block-image size-large is-style-rounded\"><img loading=\"lazy\" decoding=\"async\" width=\"1024\" height=\"683\" src=\"http:\/\/vadelmalive.net\/wp-content\/uploads\/2020\/05\/bunkkeri-studio-2020-1024x683.jpg\" alt=\"\" class=\"wp-image-36\" srcset=\"https:\/\/www.vadelma.org\/vadelmalive\/wp-content\/uploads\/2020\/05\/bunkkeri-studio-2020-1024x683.jpg 1024w, https:\/\/www.vadelma.org\/vadelmalive\/wp-content\/uploads\/2020\/05\/bunkkeri-studio-2020-300x200.jpg 300w, https:\/\/www.vadelma.org\/vadelmalive\/wp-content\/uploads\/2020\/05\/bunkkeri-studio-2020-768x512.jpg 768w, https:\/\/www.vadelma.org\/vadelmalive\/wp-content\/uploads\/2020\/05\/bunkkeri-studio-2020.jpg 1536w\" sizes=\"auto, (max-width: 1024px) 100vw, 1024px\" \/><\/figure>\n\n\n\n<p>Livekeikat, keskustelut, VJ-visuaalit ja yll\u00e4tt\u00e4v\u00e4t \u00e4\u00e4ni- ja kuva-aineistot miksataan paikan p\u00e4\u00e4ll\u00e4 orgaaniseksi kokonaisuudeksi ja l\u00e4hetet\u00e4\u00e4n iloksenne vastaanottimiinne. P\u00e4\u00e4set my\u00f6s kulissien taakse katsomaan miten suoraa l\u00e4hetyst\u00e4 tehd\u00e4\u00e4n avoimilla ohjelmistoilla.<\/p>\n\n\n\n<p><\/p>\n","protected":false},"excerpt":{"rendered":"<p>Helsingin Vallilassa sijaitseva VadelmaBunkkeri on VADELMAliven p\u00e4\u00e4maja ja kotistudio, josta tehd\u00e4\u00e4n suoria Bunkkeri Alive l\u00e4hetyksi\u00e4 noin kerran kuussa kes\u00e4st\u00e4 2020 alkaen. Livekeikat, keskustelut, VJ-visuaalit ja yll\u00e4tt\u00e4v\u00e4t \u00e4\u00e4ni- ja kuva-aineistot miksataan paikan p\u00e4\u00e4ll\u00e4 orgaaniseksi kokonaisuudeksi ja l\u00e4hetet\u00e4\u00e4n iloksenne vastaanottimiinne. P\u00e4\u00e4set my\u00f6s kulissien taakse katsomaan miten suoraa l\u00e4hetyst\u00e4 tehd\u00e4\u00e4n avoimilla ohjelmistoilla.<\/p>\n","protected":false},"author":1,"featured_media":0,"comment_status":"open","ping_status":"open","sticky":false,"template":"","format":"standard","meta":{"footnotes":""},"categories":[2,3],"tags":[],"class_list":["post-47","post","type-post","status-publish","format-standard","hentry","category-ohjelmat","category-paikat","entry"],"_links":{"self":[{"href":"https:\/\/www.vadelma.org\/vadelmalive\/wp-json\/wp\/v2\/posts\/47","targetHints":{"allow":["GET"]}}],"collection":[{"href":"https:\/\/www.vadelma.org\/vadelmalive\/wp-json\/wp\/v2\/posts"}],"about":[{"href":"https:\/\/www.vadelma.org\/vadelmalive\/wp-json\/wp\/v2\/types\/post"}],"author":[{"embeddable":true,"href":"https:\/\/www.vadelma.org\/vadelmalive\/wp-json\/wp\/v2\/users\/1"}],"replies":[{"embeddable":true,"href":"https:\/\/www.vadelma.org\/vadelmalive\/wp-json\/wp\/v2\/comments?post=47"}],"version-history":[{"count":0,"href":"https:\/\/www.vadelma.org\/vadelmalive\/wp-json\/wp\/v2\/posts\/47\/revisions"}],"wp:attachment":[{"href":"https:\/\/www.vadelma.org\/vadelmalive\/wp-json\/wp\/v2\/media?parent=47"}],"wp:term":[{"taxonomy":"category","embeddable":true,"href":"https:\/\/www.vadelma.org\/vadelmalive\/wp-json\/wp\/v2\/categories?post=47"},{"taxonomy":"post_tag","embeddable":true,"href":"https:\/\/www.vadelma.org\/vadelmalive\/wp-json\/wp\/v2\/tags?post=47"}],"curies":[{"name":"wp","href":"https:\/\/api.w.org\/{rel}","templated":true}]}}