{"id":529,"date":"2021-01-22T09:38:58","date_gmt":"2021-01-22T07:38:58","guid":{"rendered":"https:\/\/vadelmalive.net\/?p=529"},"modified":"2021-01-22T09:38:58","modified_gmt":"2021-01-22T07:38:58","slug":"helmikuun-vadelmalive","status":"publish","type":"post","link":"https:\/\/www.vadelma.org\/vadelmalive\/2021\/01\/22\/helmikuun-vadelmalive\/","title":{"rendered":"Helmikuun Vadelmalive"},"content":{"rendered":"\n<p>Vadelma ry:n VadelmAlive &#8217;Kellarista museoon&#8217; -l\u00e4hetys PE 12.2. klo 19-22: Livemiksatussa l\u00e4hetyksess\u00e4 n\u00e4hd\u00e4\u00e4n taltiointi Helsingin kaupunginmuseolla marraskuussa streamatulta Vadelmaklubilta, sek\u00e4 kuvakooste Tiloissa &#8211; Omaehtoisia musiikin paikkoja Helsingiss\u00e4 -n\u00e4yttelyn Vadelman n\u00e4yttelyhuoneen yhteismaalaamisesta.<\/p>\n\n\n\n<p>Vadelmaklubi-livestreamissa esiintyiv\u00e4t marraskuussa Musa Dwarf, Dynamic Duo, Samuel Leminen sek\u00e4 VJ:t Noaidi ja Kosmas. L\u00e4hetysis\u00e4nt\u00e4n\u00e4 toimi Eero Yli-Vakkuri. Tapahtuma oli osa kaupunginmuseon Tiloissa-n\u00e4yttelyn ohjelmaa. Tapahtuman tuotti Visuaalisen taiteen ja el\u00e4v\u00e4n musiikin yhdistys Vadelma ry yhdess\u00e4 Helsingin kaupunginmuseon kanssa.<\/p>\n\n\n\n<p>Lis\u00e4ksi helmikuun Vadelmalivess\u00e4 n\u00e4hd\u00e4\u00e4n arkistotallenteita L\u00f6nnrotinkadun Vadelmakellarista, kes\u00e4isi\u00e4 muistoja Alppipuiston VadelmaFesteilt\u00e4 sek\u00e4 yll\u00e4tyksi\u00e4 ja underground henke\u00e4.  UGH!<\/p>\n\n\n\n<p>Visuaalisen taiteen ja el\u00e4v\u00e4n musiikin yhdistys Vadelma ry on Helsingiss\u00e4 syksyll\u00e4 2004 perustettu yleishy\u00f6dyllinen kulttuuriyhdistys. Vadelma palvelee j\u00e4senist\u00f6\u00e4\u00e4n tarjoamalla tiloja ja tilaisuuksia visuaalisen ja audiovisuaalisen taiteen, performanssin, musiikin ja \u00e4\u00e4nitaiteen tekemiseen, esitt\u00e4miseen ja julkaisemiseen.<\/p>\n\n\n\n<p>Kuinka saat jutut py\u00f6rim\u00e4\u00e4n:<br>Astu <a href=\"https:\/\/vadelmalive.net\/cafe\/\" data-type=\"page\" data-id=\"161\">kahvilaan<\/a> ja paina play:ta ikkunasta&#8230; jos se ei toimi, l\u00e4hetys ei ole viel\u00e4 alkanut\u00a0<img loading=\"lazy\" decoding=\"async\" height=\"16\" width=\"16\" alt=\"\ud83d\ude03\" src=\"https:\/\/static.xx.fbcdn.net\/images\/emoji.php\/v9\/t51\/1\/16\/1f603.png\"><br>Voit jutella l\u00e4hetysikkunan alla olevassa chatissa muiden kanssa reaaliaikaisesti.<\/p>\n","protected":false},"excerpt":{"rendered":"<p>Vadelma ry:n VadelmAlive &#8217;Kellarista museoon&#8217; -l\u00e4hetys PE 12.2. klo 19-22: Livemiksatussa l\u00e4hetyksess\u00e4 n\u00e4hd\u00e4\u00e4n taltiointi Helsingin kaupunginmuseolla marraskuussa streamatulta Vadelmaklubilta, sek\u00e4 kuvakooste Tiloissa &#8211; Omaehtoisia musiikin paikkoja Helsingiss\u00e4 -n\u00e4yttelyn Vadelman n\u00e4yttelyhuoneen yhteismaalaamisesta. Vadelmaklubi-livestreamissa esiintyiv\u00e4t marraskuussa Musa Dwarf, Dynamic Duo, Samuel Leminen sek\u00e4 VJ:t Noaidi ja Kosmas. L\u00e4hetysis\u00e4nt\u00e4n\u00e4 toimi Eero Yli-Vakkuri. Tapahtuma oli osa kaupunginmuseon Tiloissa-n\u00e4yttelyn ohjelmaa.&hellip; <a class=\"more-link\" href=\"https:\/\/www.vadelma.org\/vadelmalive\/2021\/01\/22\/helmikuun-vadelmalive\/\">Jatka lukemista <span class=\"screen-reader-text\">Helmikuun Vadelmalive<\/span><\/a><\/p>\n","protected":false},"author":1,"featured_media":514,"comment_status":"closed","ping_status":"open","sticky":false,"template":"","format":"standard","meta":{"footnotes":""},"categories":[5,12,9,3,20,21],"tags":[42,43,36,13],"class_list":["post-529","post","type-post","status-publish","format-standard","has-post-thumbnail","hentry","category-ensiesitys","category-keikat","category-musiikkivideot","category-paikat","category-taide","category-teokset","tag-kaupunginmuseo","tag-kellarielamaa","tag-tiloissa","tag-vadelma-fest","entry"],"_links":{"self":[{"href":"https:\/\/www.vadelma.org\/vadelmalive\/wp-json\/wp\/v2\/posts\/529","targetHints":{"allow":["GET"]}}],"collection":[{"href":"https:\/\/www.vadelma.org\/vadelmalive\/wp-json\/wp\/v2\/posts"}],"about":[{"href":"https:\/\/www.vadelma.org\/vadelmalive\/wp-json\/wp\/v2\/types\/post"}],"author":[{"embeddable":true,"href":"https:\/\/www.vadelma.org\/vadelmalive\/wp-json\/wp\/v2\/users\/1"}],"replies":[{"embeddable":true,"href":"https:\/\/www.vadelma.org\/vadelmalive\/wp-json\/wp\/v2\/comments?post=529"}],"version-history":[{"count":0,"href":"https:\/\/www.vadelma.org\/vadelmalive\/wp-json\/wp\/v2\/posts\/529\/revisions"}],"wp:featuredmedia":[{"embeddable":true,"href":"https:\/\/www.vadelma.org\/vadelmalive\/wp-json\/wp\/v2\/media\/514"}],"wp:attachment":[{"href":"https:\/\/www.vadelma.org\/vadelmalive\/wp-json\/wp\/v2\/media?parent=529"}],"wp:term":[{"taxonomy":"category","embeddable":true,"href":"https:\/\/www.vadelma.org\/vadelmalive\/wp-json\/wp\/v2\/categories?post=529"},{"taxonomy":"post_tag","embeddable":true,"href":"https:\/\/www.vadelma.org\/vadelmalive\/wp-json\/wp\/v2\/tags?post=529"}],"curies":[{"name":"wp","href":"https:\/\/api.w.org\/{rel}","templated":true}]}}