{"id":667,"date":"2021-03-24T15:42:01","date_gmt":"2021-03-24T13:42:01","guid":{"rendered":"https:\/\/vadelmalive.net\/?p=667"},"modified":"2021-03-24T15:42:01","modified_gmt":"2021-03-24T13:42:01","slug":"hetkinen-hirvia-puutarhassa","status":"publish","type":"post","link":"https:\/\/www.vadelma.org\/vadelmalive\/2021\/03\/24\/hetkinen-hirvia-puutarhassa\/","title":{"rendered":"Hetkinen&#8230; Hirvi\u00e4 puutarhassa!"},"content":{"rendered":"\n<p>Maaliskuun 2021 suora&nbsp;Vadelmalivel\u00e4hetys tarjoaa pl\u00e4j\u00e4yksen taidetta ja el\u00e4v\u00e4\u00e4 musiikkia illan t\u00e4ydelt\u00e4. <\/p>\n\n\n\n<p class=\"has-text-align-center\"><sub>(YLL\u00c4TYKSET JA AIKATAULUN MUUTOKSET MAHDOLLISIA)<\/sub><\/p>\n\n\n\n<p>Klo 19 alkavan l\u00e4hetyksen alkuun n\u00e4hd\u00e4\u00e4n uunituore video Pispalan nykytaiteenkeskus Hirvitalolta <strong>Karkki M\u00e4kel\u00e4n<\/strong> n\u00e4yttelyst\u00e4. Taiteilija kertoo teoksistaan.<\/p>\n\n\n\n<p>Puoli kahdeksan aikaan kelaudumme noin tunnin ajaksi viime elokuulle, jolloin <a href=\"https:\/\/vadelma.org\" data-type=\"URL\" data-id=\"https:\/\/vadelma.org\">Vadelma ry<\/a>:n ja <a href=\"https:\/\/korppiradio.net\" data-type=\"URL\" data-id=\"https:\/\/korppiradio.net\">Korppiradion<\/a> taiteilijaryhm\u00e4 oli kaksi viikkoa <a href=\"https:\/\/hirvikatu10.net\" data-type=\"URL\" data-id=\"https:\/\/hirvikatu10.net\">Hirvitalolla<\/a> j\u00e4rjest\u00e4m\u00e4ss\u00e4 Hetkinen&#8230; yhteisn\u00e4yttelyn, vadelmatapahtumia, analogisen korppiradiol\u00e4hetyksen sek\u00e4 ty\u00f6pajoja. <\/p>\n\n\n\n<figure class=\"wp-block-image size-large\"><img loading=\"lazy\" decoding=\"async\" width=\"1024\" height=\"683\" src=\"https:\/\/www.vadelma.org\/vadelmalive\/wp-content\/uploads\/2021\/03\/DSC_0869-1024x683.jpg\" alt=\"\" class=\"wp-image-669\" srcset=\"https:\/\/www.vadelma.org\/vadelmalive\/wp-content\/uploads\/2021\/03\/DSC_0869-1024x683.jpg 1024w, https:\/\/www.vadelma.org\/vadelmalive\/wp-content\/uploads\/2021\/03\/DSC_0869-300x200.jpg 300w, https:\/\/www.vadelma.org\/vadelmalive\/wp-content\/uploads\/2021\/03\/DSC_0869-768x512.jpg 768w, https:\/\/www.vadelma.org\/vadelmalive\/wp-content\/uploads\/2021\/03\/DSC_0869.jpg 1080w\" sizes=\"auto, (max-width: 1024px) 100vw, 1024px\" \/><figcaption>Vadelman taiteilijoita ja Pispalan jammaajia, elokuu 2020.<\/figcaption><\/figure>\n\n\n\n<p><\/p>\n\n\n\n<p> Klo 20:30 suoritetaan Vadelmakassin arvonta <a href=\"https:\/\/vadelmalive.net\/ugh\/\" data-type=\"page\" data-id=\"538\">UGH-\u00e4\u00e4nestykseen<\/a> osallistuneiden kesken.  Lis\u00e4ksi tietoa UGH-palkintojen jakamisesta.<\/p>\n\n\n\n<p>Noin klo 20:40 alkaa <strong>Pekka Variksen<\/strong> tekem\u00e4 dokumenttielokuva <strong>Vadelma Fest 2010<\/strong> (kesto 1h 41 min). Vadelma ry oli mukana omalla kes\u00e4festarillaan mukana synnytt\u00e4m\u00e4ss\u00e4 Alppipuiston kes\u00e4\u00e4 Helsingin kulttuurikeskuksen tuella vuosina 2010-2015.<\/p>\n\n\n\n<p>Usealla kameralla kuvatussa dokumentaatiossa n\u00e4hd\u00e4\u00e4n hienoja taltiointeja: <strong>Siniaalto<\/strong>, <strong>Teatteri Olemus <\/strong>ja <strong>Klava<\/strong>, <strong>Global Cooling<\/strong>, <strong>Sami Kukka<\/strong>, <strong>Kauhukakara<\/strong>, <strong>Wasami<\/strong>, <strong>Markus Holkko Quartet<\/strong>, <strong>Pekko K\u00e4ppi<\/strong> ja <strong>Kolmipiikki<\/strong>. Tapahtuman juontajana toimi legendaarinen <strong>Calle Lindholm<\/strong>, ja dokkarin juontajana toimi <strong>DJ Tytti<\/strong>.<\/p>\n\n\n\n<figure class=\"wp-block-image size-large\"><img loading=\"lazy\" decoding=\"async\" width=\"1024\" height=\"576\" src=\"https:\/\/www.vadelma.org\/vadelmalive\/wp-content\/uploads\/2021\/03\/VadelmaFest2010.00_58_09_13.Still001-1024x576.jpg\" alt=\"\" class=\"wp-image-670\" srcset=\"https:\/\/www.vadelma.org\/vadelmalive\/wp-content\/uploads\/2021\/03\/VadelmaFest2010.00_58_09_13.Still001-1024x576.jpg 1024w, https:\/\/www.vadelma.org\/vadelmalive\/wp-content\/uploads\/2021\/03\/VadelmaFest2010.00_58_09_13.Still001-300x169.jpg 300w, https:\/\/www.vadelma.org\/vadelmalive\/wp-content\/uploads\/2021\/03\/VadelmaFest2010.00_58_09_13.Still001-768x432.jpg 768w, https:\/\/www.vadelma.org\/vadelmalive\/wp-content\/uploads\/2021\/03\/VadelmaFest2010.00_58_09_13.Still001.jpg 1280w\" sizes=\"auto, (max-width: 1024px) 100vw, 1024px\" \/><figcaption>Samuel Leminen ja Wasami esiintyiv\u00e4t Alppipuistossa 2010.<\/figcaption><\/figure>\n\n\n\n<p>Noin klo 22:30 n\u00e4hd\u00e4\u00e4n <strong>Sisko Pajarin <\/strong>viime vuonna valmistunut videoteos <strong>Marjatta &#8211; My Little Berry<\/strong> (kesto 3min 30s)<\/p>\n\n\n\n<figure class=\"wp-block-image size-large\"><img loading=\"lazy\" decoding=\"async\" width=\"1024\" height=\"576\" src=\"https:\/\/www.vadelma.org\/vadelmalive\/wp-content\/uploads\/2021\/03\/evankeliumi.02_08_12_10.Still002-1024x576.jpg\" alt=\"\" class=\"wp-image-671\" srcset=\"https:\/\/www.vadelma.org\/vadelmalive\/wp-content\/uploads\/2021\/03\/evankeliumi.02_08_12_10.Still002-1024x576.jpg 1024w, https:\/\/www.vadelma.org\/vadelmalive\/wp-content\/uploads\/2021\/03\/evankeliumi.02_08_12_10.Still002-300x169.jpg 300w, https:\/\/www.vadelma.org\/vadelmalive\/wp-content\/uploads\/2021\/03\/evankeliumi.02_08_12_10.Still002-768x432.jpg 768w, https:\/\/www.vadelma.org\/vadelmalive\/wp-content\/uploads\/2021\/03\/evankeliumi.02_08_12_10.Still002.jpg 1280w\" sizes=\"auto, (max-width: 1024px) 100vw, 1024px\" \/><\/figure>\n\n\n\n<p>Illan p\u00e4\u00e4tt\u00e4\u00e4 <strong>Teemu Takatalon<\/strong> vuonna 2012 syntynyt <strong>Valistuneen kuluttajan evankeliumi<\/strong> (kesto 51 min), jonka teemat ovat edelleenkin ajankohtaisia ja ajatuksia her\u00e4tt\u00e4vi\u00e4. Suosittelemme katsomaan l\u00e4hetyksen loppuun saakka!<\/p>\n\n\n\n<p>L\u00e4hetyksen voi katsoa 26.3.2021 klo 19 alkaen suorana <a href=\"https:\/\/vadelmalive.net\/cafe\/\" data-type=\"page\" data-id=\"161\">kahvilassa<\/a>.<\/p>\n","protected":false},"excerpt":{"rendered":"<p>Maaliskuun 2021 suora&nbsp;Vadelmalivel\u00e4hetys tarjoaa pl\u00e4j\u00e4yksen taidetta ja el\u00e4v\u00e4\u00e4 musiikkia illan t\u00e4ydelt\u00e4. (YLL\u00c4TYKSET JA AIKATAULUN MUUTOKSET MAHDOLLISIA) Klo 19 alkavan l\u00e4hetyksen alkuun n\u00e4hd\u00e4\u00e4n uunituore video Pispalan nykytaiteenkeskus Hirvitalolta Karkki M\u00e4kel\u00e4n n\u00e4yttelyst\u00e4. Taiteilija kertoo teoksistaan. Puoli kahdeksan aikaan kelaudumme noin tunnin ajaksi viime elokuulle, jolloin Vadelma ry:n ja Korppiradion taiteilijaryhm\u00e4 oli kaksi viikkoa Hirvitalolla j\u00e4rjest\u00e4m\u00e4ss\u00e4 Hetkinen&#8230; yhteisn\u00e4yttelyn,&hellip; <a class=\"more-link\" href=\"https:\/\/www.vadelma.org\/vadelmalive\/2021\/03\/24\/hetkinen-hirvia-puutarhassa\/\">Jatka lukemista <span class=\"screen-reader-text\">Hetkinen&#8230; Hirvi\u00e4 puutarhassa!<\/span><\/a><\/p>\n","protected":false},"author":1,"featured_media":668,"comment_status":"closed","ping_status":"open","sticky":false,"template":"","format":"standard","meta":{"footnotes":""},"categories":[5,12,20,21],"tags":[10,44,45,46,28,47,13],"class_list":["post-667","post","type-post","status-publish","format-standard","has-post-thumbnail","hentry","category-ensiesitys","category-keikat","category-taide","category-teokset","tag-alppipuisto","tag-hetkinen","tag-hirvitalo","tag-karkki-makela","tag-korppiradio","tag-taide","tag-vadelma-fest","entry"],"_links":{"self":[{"href":"https:\/\/www.vadelma.org\/vadelmalive\/wp-json\/wp\/v2\/posts\/667","targetHints":{"allow":["GET"]}}],"collection":[{"href":"https:\/\/www.vadelma.org\/vadelmalive\/wp-json\/wp\/v2\/posts"}],"about":[{"href":"https:\/\/www.vadelma.org\/vadelmalive\/wp-json\/wp\/v2\/types\/post"}],"author":[{"embeddable":true,"href":"https:\/\/www.vadelma.org\/vadelmalive\/wp-json\/wp\/v2\/users\/1"}],"replies":[{"embeddable":true,"href":"https:\/\/www.vadelma.org\/vadelmalive\/wp-json\/wp\/v2\/comments?post=667"}],"version-history":[{"count":0,"href":"https:\/\/www.vadelma.org\/vadelmalive\/wp-json\/wp\/v2\/posts\/667\/revisions"}],"wp:featuredmedia":[{"embeddable":true,"href":"https:\/\/www.vadelma.org\/vadelmalive\/wp-json\/wp\/v2\/media\/668"}],"wp:attachment":[{"href":"https:\/\/www.vadelma.org\/vadelmalive\/wp-json\/wp\/v2\/media?parent=667"}],"wp:term":[{"taxonomy":"category","embeddable":true,"href":"https:\/\/www.vadelma.org\/vadelmalive\/wp-json\/wp\/v2\/categories?post=667"},{"taxonomy":"post_tag","embeddable":true,"href":"https:\/\/www.vadelma.org\/vadelmalive\/wp-json\/wp\/v2\/tags?post=667"}],"curies":[{"name":"wp","href":"https:\/\/api.w.org\/{rel}","templated":true}]}}